{"id":1242,"date":"2015-03-26T10:31:28","date_gmt":"2015-03-26T08:31:28","guid":{"rendered":"http:\/\/movieartwork.org\/?p=1242"},"modified":"2017-04-26T10:35:30","modified_gmt":"2017-04-26T08:35:30","slug":"anthony-stewart-head","status":"publish","type":"post","link":"https:\/\/www.movieartwork.org\/?p=1242","title":{"rendered":"Anthony Stewart Head"},"content":{"rendered":"<p>Foto aus der Serie <a href=\"http:\/\/www.imdb.com\/title\/tt0118276\/?ref_=nv_sr_1\">Buffy \u2013 Im Bann der D\u00e4monen<\/a><a href=\"https:\/\/i0.wp.com\/movieartwork.org\/wp-content\/uploads\/2015\/03\/Anthony-Stewart-Head.jpg\"><img data-recalc-dims=\"1\" loading=\"lazy\" decoding=\"async\" data-attachment-id=\"1221\" data-permalink=\"https:\/\/www.movieartwork.org\/?attachment_id=1221\" data-orig-file=\"https:\/\/i0.wp.com\/www.movieartwork.org\/wp-content\/uploads\/2015\/03\/Anthony-Stewart-Head.jpg?fit=1554%2C1954&amp;ssl=1\" data-orig-size=\"1554,1954\" data-comments-opened=\"0\" data-image-meta=\"{&quot;aperture&quot;:&quot;0&quot;,&quot;credit&quot;:&quot;&quot;,&quot;camera&quot;:&quot;&quot;,&quot;caption&quot;:&quot;&quot;,&quot;created_timestamp&quot;:&quot;0&quot;,&quot;copyright&quot;:&quot;&quot;,&quot;focal_length&quot;:&quot;0&quot;,&quot;iso&quot;:&quot;0&quot;,&quot;shutter_speed&quot;:&quot;0&quot;,&quot;title&quot;:&quot;&quot;,&quot;orientation&quot;:&quot;1&quot;}\" data-image-title=\"Anthony Stewart Head\" data-image-description=\"\" data-image-caption=\"\" data-large-file=\"https:\/\/i0.wp.com\/www.movieartwork.org\/wp-content\/uploads\/2015\/03\/Anthony-Stewart-Head.jpg?fit=640%2C805&amp;ssl=1\" class=\" size-medium wp-image-1221 alignright\" src=\"https:\/\/i0.wp.com\/movieartwork.org\/wp-content\/uploads\/2015\/03\/Anthony-Stewart-Head-382x480.jpg?resize=382%2C480\" alt=\"Anthony Stewart Head\" width=\"382\" height=\"480\" srcset=\"https:\/\/i0.wp.com\/www.movieartwork.org\/wp-content\/uploads\/2015\/03\/Anthony-Stewart-Head.jpg?resize=382%2C480&amp;ssl=1 382w, https:\/\/i0.wp.com\/www.movieartwork.org\/wp-content\/uploads\/2015\/03\/Anthony-Stewart-Head.jpg?resize=814%2C1024&amp;ssl=1 814w, https:\/\/i0.wp.com\/www.movieartwork.org\/wp-content\/uploads\/2015\/03\/Anthony-Stewart-Head.jpg?resize=239%2C300&amp;ssl=1 239w, https:\/\/i0.wp.com\/www.movieartwork.org\/wp-content\/uploads\/2015\/03\/Anthony-Stewart-Head.jpg?w=1554&amp;ssl=1 1554w, https:\/\/i0.wp.com\/www.movieartwork.org\/wp-content\/uploads\/2015\/03\/Anthony-Stewart-Head.jpg?w=1280&amp;ssl=1 1280w\" sizes=\"auto, (max-width: 382px) 100vw, 382px\" \/><\/a>.<\/p>\n<p>Dort ist Er in der Rolle des Rupert Giles zu sehen.<\/p>\n<p>Kurzer Auszug aus dem Wikipedia:<\/p>\n<p>In jeder Generation wird ein M\u00e4dchen von h\u00f6heren M\u00e4chten dazu auserw\u00e4hlt, die Welt vor D\u00e4monen und Vampiren zu besch\u00fctzen. Wenn eine J\u00e4gerin stirbt, wird die n\u00e4chste aus dem Kreis der potentiellen J\u00e4gerinnen berufen. Meistens befinden sich die M\u00e4dchen dann bereits seit Jahren im Training. Buffy wurde allerdings erst entdeckt, nachdem sie von den M\u00e4chten schon ihre Kr\u00e4fte bekommen hatte.<\/p>\n<p>Der Ursprung der J\u00e4gerin liegt im Anbeginn der Zeit, als die Erde noch von D\u00e4monen beherrscht wurde. In Afrika wurde von den Schattenm\u00e4nnern ein M\u00e4dchen, die erste J\u00e4gerin, mit der Kraft eines D\u00e4monen ausgestattet. Hierbei verlor sie jedoch auch ihre Menschlichkeit und entwickelte animalische Instinkte. Im Laufe der Zeit wurden die J\u00e4gerinnen etwas schw\u00e4cher und die animalischen Triebe nahmen ab. Der Mythos erz\u00e4hlt, dass unter vielen unbekannten M\u00e4dchen auch Jeanne d\u2019Arc (Johanna von Orleans) eine Auserw\u00e4hlte war.<\/p>\n<p>Die J\u00e4gerin verf\u00fcgt \u00fcber \u00fcbernat\u00fcrliche Kr\u00e4fte, besonders scharfe Sinne, Selbstheilungskr\u00e4fte und prophetische Tr\u00e4ume.<\/p>\n<p>Um die J\u00e4gerinnen auszubilden, wurde der Rat der W\u00e4chter gegr\u00fcndet. Jede J\u00e4gerin bekommt einen W\u00e4chter zur Seite gestellt, der sie trainiert und im Kampf gegen das B\u00f6se unterst\u00fctzt.<\/p>\n<p>Seine Filmografie findet Ihr hier:<\/p>\n<p><a href=\"http:\/\/www.imdb.com\/name\/nm0372117\/?ref_=fn_al_nm_1\"><img data-recalc-dims=\"1\" loading=\"lazy\" decoding=\"async\" data-attachment-id=\"280\" data-permalink=\"https:\/\/www.movieartwork.org\/?attachment_id=280\" data-orig-file=\"https:\/\/i0.wp.com\/www.movieartwork.org\/wp-content\/uploads\/2014\/06\/imdb.jpg?fit=106%2C51&amp;ssl=1\" data-orig-size=\"106,51\" data-comments-opened=\"0\" data-image-meta=\"{&quot;aperture&quot;:&quot;0&quot;,&quot;credit&quot;:&quot;&quot;,&quot;camera&quot;:&quot;&quot;,&quot;caption&quot;:&quot;&quot;,&quot;created_timestamp&quot;:&quot;0&quot;,&quot;copyright&quot;:&quot;&quot;,&quot;focal_length&quot;:&quot;0&quot;,&quot;iso&quot;:&quot;0&quot;,&quot;shutter_speed&quot;:&quot;0&quot;,&quot;title&quot;:&quot;&quot;}\" data-image-title=\"imdb\" data-image-description=\"\" data-image-caption=\"\" data-large-file=\"https:\/\/i0.wp.com\/www.movieartwork.org\/wp-content\/uploads\/2014\/06\/imdb.jpg?fit=106%2C51&amp;ssl=1\" class=\"alignnone wp-image-280\" src=\"https:\/\/i0.wp.com\/movieartwork.org\/wp-content\/uploads\/2014\/06\/imdb.jpg?resize=77%2C41\" alt=\"imdb\" width=\"77\" height=\"41\" \/><\/a><\/p>\n<p style=\"text-align: right;\">Ordner<\/p>\n<div class=\"remoji_bar\"><div class=\"remoji_add_container\" data-remoji-id=\"1242\" data-remoji-type=\"post\"><div class=\"remoji_add_icon\"><\/div><\/div><div class=\"remoji_error_bar\" data-remoji-id=\"1242\" data-remoji-type=\"post\" style=\"display: none;\">Error happened.<\/div><\/div>","protected":false},"excerpt":{"rendered":"<p>Foto aus der Serie Buffy \u2013 Im Bann der D\u00e4monen. Dort ist Er in der Rolle des Rupert Giles zu sehen. Kurzer Auszug aus dem Wikipedia: In jeder Generation wird ein M\u00e4dchen von h\u00f6heren M\u00e4chten dazu auserw\u00e4hlt, die Welt vor D\u00e4monen und Vampiren zu besch\u00fctzen. Wenn eine J\u00e4gerin stirbt, wird die n\u00e4chste aus dem Kreis [&hellip;]<\/p>\n","protected":false},"author":2,"featured_media":1221,"comment_status":"closed","ping_status":"open","sticky":false,"template":"","format":"standard","meta":{"episode_type":"","audio_file":"","podmotor_file_id":"","podmotor_episode_id":"","cover_image":"","cover_image_id":"","duration":"","filesize":"","filesize_raw":"","date_recorded":"","explicit":"","block":"","ngg_post_thumbnail":0,"jetpack_post_was_ever_published":false,"_jetpack_newsletter_access":"","_jetpack_dont_email_post_to_subs":false,"_jetpack_newsletter_tier_id":0,"_jetpack_memberships_contains_paywalled_content":false,"_jetpack_memberships_contains_paid_content":false,"footnotes":"","jetpack_publicize_message":"","jetpack_publicize_feature_enabled":true,"jetpack_social_post_already_shared":false,"jetpack_social_options":{"image_generator_settings":{"template":"highway","default_image_id":0,"font":"","enabled":false},"version":2}},"categories":[10,90],"tags":[93],"class_list":["post-1242","post","type-post","status-publish","format-standard","has-post-thumbnail","hentry","category-autogramme","category-serie","tag-buffy"],"jetpack_publicize_connections":[],"jetpack_featured_media_url":"https:\/\/i0.wp.com\/www.movieartwork.org\/wp-content\/uploads\/2015\/03\/Anthony-Stewart-Head.jpg?fit=1554%2C1954&ssl=1","jetpack_sharing_enabled":true,"jetpack_shortlink":"https:\/\/wp.me\/p9zb6w-k2","jetpack-related-posts":[{"id":1172,"url":"https:\/\/www.movieartwork.org\/?p=1172","url_meta":{"origin":1242,"position":0},"title":"Amber Benzon","author":"Movie Fan","date":"M\u00e4rz 3, 2015","format":false,"excerpt":"Foto aus der Serie Buffy \u2013 Im Bann der D\u00e4monen. Dort ist Sie in der Rolle der Tara Maclay zu sehen. Kurzer Auszug aus dem Wikipedia: In jeder Generation wird ein M\u00e4dchen von h\u00f6heren M\u00e4chten dazu auserw\u00e4hlt, die Welt vor D\u00e4monen und Vampiren zu besch\u00fctzen. Wenn eine J\u00e4gerin stirbt, wird\u2026","rel":"","context":"In &quot;Autogramme&quot;","block_context":{"text":"Autogramme","link":"https:\/\/www.movieartwork.org\/?cat=10"},"img":{"alt_text":"","src":"https:\/\/i0.wp.com\/www.movieartwork.org\/wp-content\/uploads\/2015\/02\/Amber-Benzon.jpg?fit=959%2C1200&ssl=1&resize=350%2C200","width":350,"height":200,"srcset":"https:\/\/i0.wp.com\/www.movieartwork.org\/wp-content\/uploads\/2015\/02\/Amber-Benzon.jpg?fit=959%2C1200&ssl=1&resize=350%2C200 1x, https:\/\/i0.wp.com\/www.movieartwork.org\/wp-content\/uploads\/2015\/02\/Amber-Benzon.jpg?fit=959%2C1200&ssl=1&resize=525%2C300 1.5x, https:\/\/i0.wp.com\/www.movieartwork.org\/wp-content\/uploads\/2015\/02\/Amber-Benzon.jpg?fit=959%2C1200&ssl=1&resize=700%2C400 2x"},"classes":[]},{"id":9883,"url":"https:\/\/www.movieartwork.org\/?p=9883","url_meta":{"origin":1242,"position":1},"title":"Panel George Takei &#8211; Das Meer und der Erleuchtete","author":"Movie Fan","date":"August 18, 2023","format":false,"excerpt":"George Takei hat in seiner Autobiografie \"To the Stars\" offen dar\u00fcber gesprochen, dass er bereits im Alter von 8 Jahren festgestellt hat, dass er sich zu Jungs hingezogen f\u00fchlt. Obwohl er keine Probleme hatte, mit M\u00e4dchen zu spielen und zu reden, konnte er sich w\u00e4hrend der Pubert\u00e4t nicht f\u00fcr Br\u00fcste\u2026","rel":"","context":"In &quot;Fed Con&quot;","block_context":{"text":"Fed Con","link":"https:\/\/www.movieartwork.org\/?cat=1"},"img":{"alt_text":"","src":"https:\/\/i0.wp.com\/www.movieartwork.org\/wp-content\/uploads\/2023\/08\/George-Takei-4-scaled.jpg?fit=1200%2C800&ssl=1&resize=350%2C200","width":350,"height":200,"srcset":"https:\/\/i0.wp.com\/www.movieartwork.org\/wp-content\/uploads\/2023\/08\/George-Takei-4-scaled.jpg?fit=1200%2C800&ssl=1&resize=350%2C200 1x, https:\/\/i0.wp.com\/www.movieartwork.org\/wp-content\/uploads\/2023\/08\/George-Takei-4-scaled.jpg?fit=1200%2C800&ssl=1&resize=525%2C300 1.5x, https:\/\/i0.wp.com\/www.movieartwork.org\/wp-content\/uploads\/2023\/08\/George-Takei-4-scaled.jpg?fit=1200%2C800&ssl=1&resize=700%2C400 2x, https:\/\/i0.wp.com\/www.movieartwork.org\/wp-content\/uploads\/2023\/08\/George-Takei-4-scaled.jpg?fit=1200%2C800&ssl=1&resize=1050%2C600 3x"},"classes":[]},{"id":8478,"url":"https:\/\/www.movieartwork.org\/?p=8478","url_meta":{"origin":1242,"position":2},"title":"Panel Anthony Rapp &#8211; Paul Stamets gibt es wirklich und liebt Pilze","author":"Movie Fan","date":"November 15, 2021","format":false,"excerpt":"Dank dieses Panels habe ich einiges \u00fcber Anthony erfahren, er war ein Originalbesetzungsmitglied in Jonathan Larsons Tony-Award-gekr\u00f6nter Rockoper Rent und spielte die Rolle sp\u00e4ter in der Filmversion von 2005 und schlie\u00dflich in der Broadway-Tournee von 2009 erneut. Er blieb dem Broadway treu und war zudem in \"You\u2019re a Good Man\",\u2026","rel":"","context":"In &quot;Fed Con&quot;","block_context":{"text":"Fed Con","link":"https:\/\/www.movieartwork.org\/?cat=1"},"img":{"alt_text":"","src":"https:\/\/i0.wp.com\/www.movieartwork.org\/wp-content\/uploads\/2021\/11\/Opening-22-scaled-e1637007320608.jpg?fit=1200%2C738&ssl=1&resize=350%2C200","width":350,"height":200,"srcset":"https:\/\/i0.wp.com\/www.movieartwork.org\/wp-content\/uploads\/2021\/11\/Opening-22-scaled-e1637007320608.jpg?fit=1200%2C738&ssl=1&resize=350%2C200 1x, https:\/\/i0.wp.com\/www.movieartwork.org\/wp-content\/uploads\/2021\/11\/Opening-22-scaled-e1637007320608.jpg?fit=1200%2C738&ssl=1&resize=525%2C300 1.5x, https:\/\/i0.wp.com\/www.movieartwork.org\/wp-content\/uploads\/2021\/11\/Opening-22-scaled-e1637007320608.jpg?fit=1200%2C738&ssl=1&resize=700%2C400 2x, https:\/\/i0.wp.com\/www.movieartwork.org\/wp-content\/uploads\/2021\/11\/Opening-22-scaled-e1637007320608.jpg?fit=1200%2C738&ssl=1&resize=1050%2C600 3x"},"classes":[]},{"id":853,"url":"https:\/\/www.movieartwork.org\/?p=853","url_meta":{"origin":1242,"position":3},"title":"Laura Bertram","author":"Movie Fan","date":"Oktober 22, 2014","format":false,"excerpt":"Foto aus der Serie Andromeda. Dort ist Sie in der Rolle der Trance Gemini\u00a0zu sehen. Kurzer Auszug aus dem Wikipedia: Das bekannte Universum ist friedlich vereint im intergalaktischen Commonwealth, besch\u00fctzt von seiner Raumflotte, der Ehrengarde. Dylan Hunt, der Captain des Flaggschiffs Andromeda Ascendant wird zu einem Notfall gerufen, der sich\u2026","rel":"","context":"In &quot;Andromeda&quot;","block_context":{"text":"Andromeda","link":"https:\/\/www.movieartwork.org\/?cat=33"},"img":{"alt_text":"","src":"https:\/\/i0.wp.com\/www.movieartwork.org\/wp-content\/uploads\/2014\/10\/Laura-Bertram.jpg?fit=916%2C1200&ssl=1&resize=350%2C200","width":350,"height":200,"srcset":"https:\/\/i0.wp.com\/www.movieartwork.org\/wp-content\/uploads\/2014\/10\/Laura-Bertram.jpg?fit=916%2C1200&ssl=1&resize=350%2C200 1x, https:\/\/i0.wp.com\/www.movieartwork.org\/wp-content\/uploads\/2014\/10\/Laura-Bertram.jpg?fit=916%2C1200&ssl=1&resize=525%2C300 1.5x, https:\/\/i0.wp.com\/www.movieartwork.org\/wp-content\/uploads\/2014\/10\/Laura-Bertram.jpg?fit=916%2C1200&ssl=1&resize=700%2C400 2x"},"classes":[]},{"id":8999,"url":"https:\/\/www.movieartwork.org\/?p=8999","url_meta":{"origin":1242,"position":4},"title":"Panel Hubert Zitt &#8211; Verschw\u00f6rungstheorien","author":"Movie Fan","date":"Juli 4, 2022","format":false,"excerpt":"Verschw\u00f6rungsideologien haben eine lange Tradition und das Hinterfragen solcher Mythen kann eine lehrreiche und gesellschaftlich n\u00fctzliche Freizeitaktivit\u00e4t sein. Wurde der Anschlag auf das World Trade Center am 11. September 2001 von der US-Regierung geplant? Sind in Kondensstreifen von Flugzeugen Chemikalien enthalten, die dazu dienen sollen, die Menschheit zu manipulieren? Wieso\u2026","rel":"","context":"In &quot;Fed Con&quot;","block_context":{"text":"Fed Con","link":"https:\/\/www.movieartwork.org\/?cat=1"},"img":{"alt_text":"","src":"https:\/\/i0.wp.com\/www.movieartwork.org\/wp-content\/uploads\/2022\/07\/Hubert-Zitt-1.jpg?fit=1200%2C800&ssl=1&resize=350%2C200","width":350,"height":200,"srcset":"https:\/\/i0.wp.com\/www.movieartwork.org\/wp-content\/uploads\/2022\/07\/Hubert-Zitt-1.jpg?fit=1200%2C800&ssl=1&resize=350%2C200 1x, https:\/\/i0.wp.com\/www.movieartwork.org\/wp-content\/uploads\/2022\/07\/Hubert-Zitt-1.jpg?fit=1200%2C800&ssl=1&resize=525%2C300 1.5x, https:\/\/i0.wp.com\/www.movieartwork.org\/wp-content\/uploads\/2022\/07\/Hubert-Zitt-1.jpg?fit=1200%2C800&ssl=1&resize=700%2C400 2x, https:\/\/i0.wp.com\/www.movieartwork.org\/wp-content\/uploads\/2022\/07\/Hubert-Zitt-1.jpg?fit=1200%2C800&ssl=1&resize=1050%2C600 3x"},"classes":[]},{"id":2018,"url":"https:\/\/www.movieartwork.org\/?p=2018","url_meta":{"origin":1242,"position":5},"title":"Denise Crosby","author":"Movie Fan","date":"Januar 8, 2016","format":false,"excerpt":"Foto aus der Serie Star Trek The Next Generation. Dort ist sie in der Rolle der Lieutenant Tasha Yar\u00a0zu sehen. Kurzer Auszug aus dem Wikipedia: Tasha Yar ist w\u00e4hrend der ersten Staffel von TNG die Sicherheitschefin der Enterprise-D. Sie bekleidet den Rang eines Lieutenants. Yar wurde auf Turkana IV geboren,\u2026","rel":"","context":"In &quot;Autogramme&quot;","block_context":{"text":"Autogramme","link":"https:\/\/www.movieartwork.org\/?cat=10"},"img":{"alt_text":"","src":"https:\/\/i0.wp.com\/www.movieartwork.org\/wp-content\/uploads\/2015\/11\/Denise-Crosby.jpg?fit=804%2C1200&ssl=1&resize=350%2C200","width":350,"height":200,"srcset":"https:\/\/i0.wp.com\/www.movieartwork.org\/wp-content\/uploads\/2015\/11\/Denise-Crosby.jpg?fit=804%2C1200&ssl=1&resize=350%2C200 1x, https:\/\/i0.wp.com\/www.movieartwork.org\/wp-content\/uploads\/2015\/11\/Denise-Crosby.jpg?fit=804%2C1200&ssl=1&resize=525%2C300 1.5x, https:\/\/i0.wp.com\/www.movieartwork.org\/wp-content\/uploads\/2015\/11\/Denise-Crosby.jpg?fit=804%2C1200&ssl=1&resize=700%2C400 2x"},"classes":[]}],"jetpack_likes_enabled":true,"_links":{"self":[{"href":"https:\/\/www.movieartwork.org\/index.php?rest_route=\/wp\/v2\/posts\/1242","targetHints":{"allow":["GET"]}}],"collection":[{"href":"https:\/\/www.movieartwork.org\/index.php?rest_route=\/wp\/v2\/posts"}],"about":[{"href":"https:\/\/www.movieartwork.org\/index.php?rest_route=\/wp\/v2\/types\/post"}],"author":[{"embeddable":true,"href":"https:\/\/www.movieartwork.org\/index.php?rest_route=\/wp\/v2\/users\/2"}],"replies":[{"embeddable":true,"href":"https:\/\/www.movieartwork.org\/index.php?rest_route=%2Fwp%2Fv2%2Fcomments&post=1242"}],"version-history":[{"count":2,"href":"https:\/\/www.movieartwork.org\/index.php?rest_route=\/wp\/v2\/posts\/1242\/revisions"}],"predecessor-version":[{"id":1245,"href":"https:\/\/www.movieartwork.org\/index.php?rest_route=\/wp\/v2\/posts\/1242\/revisions\/1245"}],"wp:featuredmedia":[{"embeddable":true,"href":"https:\/\/www.movieartwork.org\/index.php?rest_route=\/wp\/v2\/media\/1221"}],"wp:attachment":[{"href":"https:\/\/www.movieartwork.org\/index.php?rest_route=%2Fwp%2Fv2%2Fmedia&parent=1242"}],"wp:term":[{"taxonomy":"category","embeddable":true,"href":"https:\/\/www.movieartwork.org\/index.php?rest_route=%2Fwp%2Fv2%2Fcategories&post=1242"},{"taxonomy":"post_tag","embeddable":true,"href":"https:\/\/www.movieartwork.org\/index.php?rest_route=%2Fwp%2Fv2%2Ftags&post=1242"}],"curies":[{"name":"wp","href":"https:\/\/api.w.org\/{rel}","templated":true}]}}