{"id":11023,"date":"2025-06-05T20:36:53","date_gmt":"2025-06-05T18:36:53","guid":{"rendered":"https:\/\/www.movieartwork.org\/?p=11023"},"modified":"2025-06-05T20:36:55","modified_gmt":"2025-06-05T18:36:55","slug":"exklusive-premiere-auf-der-fedcon-eine-neue-folge-von-x-factor-das-unfassbare","status":"publish","type":"post","link":"https:\/\/www.movieartwork.org\/?p=11023","title":{"rendered":"Exklusive Premiere auf der FedCon: Eine neue Folge von \u201eX-Factor: Das Unfassbare\u201c!"},"content":{"rendered":"\n<p>Die Atmosph\u00e4re war gespannt, und die Vorfreude auf die exklusive Vorstellung einer brandneuen Episode von\u00a0<em>X-Factor: Das Unfassbare<\/em>\u00a0war \u00fcberall sp\u00fcrbar.<\/p>\n\n\n\n<p><strong>Eine au\u00dfergew\u00f6hnliche Produktion unter besonderen Umst\u00e4nden<\/strong><\/p>\n\n\n\n<p>W\u00e4hrend die Film- und Fernsehindustrie in Hollywood von den Schauspielerstreiks betroffen war, fand das Drehteam von&nbsp;<em>X-Factor<\/em>&nbsp;einen einzigartigen Weg, weiterhin zu produzieren. Da die Serie unter deutscher Federf\u00fchrung entstanden ist, konnte trotz des Streiks in Los Angeles gedreht werden. \u00dcberraschenderweise standen sogar Schauspieler zur Verf\u00fcgung, da sie nicht unter die amerikanischen Gewerkschaftsregularien fielen.<\/p>\n\n\n\n<p><strong>Bekannte Gesichter und spannende Geschichten<\/strong><\/p>\n\n\n\n<p>Ich war erfreut, als ich erfuhr, dass Joseph Baena, Sohn von Arnold Schwarzenegger, in einer Episode zu sehen sein w\u00fcrde. Auch Danny Trejo und Manu Bennett waren mit von der Partie. Und nat\u00fcrlich f\u00fchrte Jonathan Frakes als Moderator erneut durch die schaurigen und mysteri\u00f6sen Geschichten. Es war interessant, diese bekannten Gesichter live zu erleben.<\/p>\n\n\n\n<p><strong>Hinter den Kulissen<\/strong><\/p>\n\n\n\n<p>Die Produktionsfirmen W&amp;B Television, Superama Film und Friendly Filmworks sorgen f\u00fcr die Umsetzung. Die Hauptproduzenten dieser Staffel sind Quirin Berg, Max Wiedemann und Benjamin Munz. Es war faszinierend zu h\u00f6ren, wie viel Arbeit und Leidenschaft hinter den Kulissen steckt.<\/p>\n\n\n\n<p><strong>Gemeinsame Abende mit Freunden<\/strong><\/p>\n\n\n\n<p>Diese Serie habe ich immer gerne mit meinen Freunden angesehen. Wir haben uns regelm\u00e4\u00dfig getroffen, um die neuesten Episoden gemeinsam zu schauen. Dabei haben wir diskutiert und abgestimmt, welche Geschichten wahr oder unwahr sein k\u00f6nnten. Diese gemeinsamen Abende waren immer ein Highlight und haben uns noch mehr in die mysteri\u00f6se Welt von&nbsp;<em>X-Factor<\/em>&nbsp;hineingezogen.<\/p>\n\n\n\n<p><strong>Ein besonderes Highlight<\/strong><\/p>\n\n\n\n<p>Zum Abschluss des Events gab es noch ein besonderes Highlight: Jonathan Frakes pers\u00f6nlich betrat die B\u00fchne. Es war beeindruckend, ihn live zu erleben und seine Begeisterung f\u00fcr die Serie zu sp\u00fcren. Auch Benjamin Munz und Gerhard Putz waren bei der Premiere anwesend. Sie leiteten die Folge ein und erkl\u00e4rten, wie es trotz des Streiks in Los Angeles zu den neuen Folgen gekommen ist. Dieser Moment hat den Abend perfekt abgerundet.<\/p>\n\n\n\n<p><strong>Vorfreude auf die neuen Folgen<\/strong><\/p>\n\n\n\n<p>Die neuen Folgen werden in Deutschland bei RTLZWEI ausgestrahlt und versprechen Geschichten voller Geheimnisse und unerkl\u00e4rlicher Ereignisse. Die exklusive Vorstellung auf der FedCon hat das Publikum bereits begeistert, und meine Vorfreude auf die neue Staffel ist gro\u00df. Als Fan von unerkl\u00e4rlichen Ph\u00e4nomenen, G\u00e4nsehautmomenten und au\u00dfergew\u00f6hnlichen Geschichten freue ich mich auf spannende Episoden.<\/p>\n<div class=\"remoji_bar\"><div class=\"remoji_add_container\" data-remoji-id=\"11023\" data-remoji-type=\"post\"><div class=\"remoji_add_icon\"><\/div><\/div><div class=\"remoji_error_bar\" data-remoji-id=\"11023\" data-remoji-type=\"post\" style=\"display: none;\">Error happened.<\/div><\/div>","protected":false},"excerpt":{"rendered":"<p>Die Atmosph\u00e4re war gespannt, und die Vorfreude auf die exklusive Vorstellung einer brandneuen Episode von\u00a0X-Factor: Das Unfassbare\u00a0war \u00fcberall sp\u00fcrbar. Eine au\u00dfergew\u00f6hnliche Produktion unter besonderen Umst\u00e4nden W\u00e4hrend die Film- und Fernsehindustrie in Hollywood von den Schauspielerstreiks betroffen war, fand das Drehteam von&nbsp;X-Factor&nbsp;einen einzigartigen Weg, weiterhin zu produzieren. Da die Serie unter deutscher Federf\u00fchrung entstanden ist, konnte [&hellip;]<\/p>\n","protected":false},"author":2,"featured_media":11082,"comment_status":"closed","ping_status":"open","sticky":false,"template":"","format":"standard","meta":{"episode_type":"","audio_file":"","podmotor_file_id":"","podmotor_episode_id":"","cover_image":"","cover_image_id":"","duration":"","filesize":"","filesize_raw":"","date_recorded":"","explicit":"","block":"","ngg_post_thumbnail":0,"jetpack_post_was_ever_published":false,"_jetpack_newsletter_access":"","_jetpack_dont_email_post_to_subs":false,"_jetpack_newsletter_tier_id":0,"_jetpack_memberships_contains_paywalled_content":false,"_jetpack_memberships_contains_paid_content":false,"footnotes":"","jetpack_publicize_message":"","jetpack_publicize_feature_enabled":true,"jetpack_social_post_already_shared":true,"jetpack_social_options":{"image_generator_settings":{"template":"highway","default_image_id":0,"font":"","enabled":false},"version":2}},"categories":[1],"tags":[126,310,311,309,308],"class_list":["post-11023","post","type-post","status-publish","format-standard","has-post-thumbnail","hentry","category-fedcon","tag-fed-con","tag-jonathan-frakes","tag-panel","tag-preview","tag-x-factor"],"jetpack_publicize_connections":[],"jetpack_featured_media_url":"https:\/\/i0.wp.com\/www.movieartwork.org\/wp-content\/uploads\/2025\/06\/X-Factor-Jonathan-Frakes-2-scaled.jpg?fit=2560%2C1705&ssl=1","jetpack_sharing_enabled":true,"jetpack_shortlink":"https:\/\/wp.me\/p9zb6w-2RN","jetpack-related-posts":[{"id":9346,"url":"https:\/\/www.movieartwork.org\/?p=9346","url_meta":{"origin":11023,"position":0},"title":"Panel Jonathan Frakes &#8211; Ank\u00fcndigung X-Factor is back","author":"Movie Fan","date":"September 20, 2022","format":false,"excerpt":"Worf steht wie immer auf der Br\u00fccke der Enterprise, dieses einmal z\u00fcckt er ein rohes Ei, geht auf Picard zu und dr\u00fcckt ihm dieses auf den Kopf. \"Fact or Fiction?\". Oder im Deutschen \"Ist diese Geschichte wirklich so passiert oder doch nur frei erfunden?\" Das ist die Frage, die die\u2026","rel":"","context":"In &quot;Fed Con&quot;","block_context":{"text":"Fed Con","link":"https:\/\/www.movieartwork.org\/?cat=1"},"img":{"alt_text":"","src":"https:\/\/i0.wp.com\/www.movieartwork.org\/wp-content\/uploads\/2022\/09\/Jonathan-Frakes-1.jpg?fit=1200%2C800&ssl=1&resize=350%2C200","width":350,"height":200,"srcset":"https:\/\/i0.wp.com\/www.movieartwork.org\/wp-content\/uploads\/2022\/09\/Jonathan-Frakes-1.jpg?fit=1200%2C800&ssl=1&resize=350%2C200 1x, https:\/\/i0.wp.com\/www.movieartwork.org\/wp-content\/uploads\/2022\/09\/Jonathan-Frakes-1.jpg?fit=1200%2C800&ssl=1&resize=525%2C300 1.5x, https:\/\/i0.wp.com\/www.movieartwork.org\/wp-content\/uploads\/2022\/09\/Jonathan-Frakes-1.jpg?fit=1200%2C800&ssl=1&resize=700%2C400 2x, https:\/\/i0.wp.com\/www.movieartwork.org\/wp-content\/uploads\/2022\/09\/Jonathan-Frakes-1.jpg?fit=1200%2C800&ssl=1&resize=1050%2C600 3x"},"classes":[]},{"id":9380,"url":"https:\/\/www.movieartwork.org\/?p=9380","url_meta":{"origin":11023,"position":1},"title":"Panel Simon Pegg &#8211; Trekkies sind die besseren Fans","author":"Movie Fan","date":"September 27, 2022","format":false,"excerpt":"Simon ist in so vielen Franchises unterwegs, wie kaum ein anderer Schauspieler. Star Trek, Star Wars, Blade Runner 2049, Mission Impossible und Doctor Who, um mal die gro\u00dfen zu nennen. Somit sind die Erfahrungen, die er gemacht hat, ganz unterschiedlich. Tom Cruise Stunts - Mission Impossible Er best\u00e4tigte uns, dass\u2026","rel":"","context":"In &quot;Fed Con&quot;","block_context":{"text":"Fed Con","link":"https:\/\/www.movieartwork.org\/?cat=1"},"img":{"alt_text":"","src":"https:\/\/i0.wp.com\/www.movieartwork.org\/wp-content\/uploads\/2022\/09\/Simon-Pegg-18.jpg?fit=1200%2C800&ssl=1&resize=350%2C200","width":350,"height":200,"srcset":"https:\/\/i0.wp.com\/www.movieartwork.org\/wp-content\/uploads\/2022\/09\/Simon-Pegg-18.jpg?fit=1200%2C800&ssl=1&resize=350%2C200 1x, https:\/\/i0.wp.com\/www.movieartwork.org\/wp-content\/uploads\/2022\/09\/Simon-Pegg-18.jpg?fit=1200%2C800&ssl=1&resize=525%2C300 1.5x, https:\/\/i0.wp.com\/www.movieartwork.org\/wp-content\/uploads\/2022\/09\/Simon-Pegg-18.jpg?fit=1200%2C800&ssl=1&resize=700%2C400 2x, https:\/\/i0.wp.com\/www.movieartwork.org\/wp-content\/uploads\/2022\/09\/Simon-Pegg-18.jpg?fit=1200%2C800&ssl=1&resize=1050%2C600 3x"},"classes":[]},{"id":9370,"url":"https:\/\/www.movieartwork.org\/?p=9370","url_meta":{"origin":11023,"position":2},"title":"Panel Chritopher Eccleston &#8211; Malekith und 60 Jahre Doctor Who","author":"Movie Fan","date":"September 27, 2022","format":false,"excerpt":"Man realisiert nicht immer, wo Schauspieler \u00fcberall aktiv gewesen sind. So war es f\u00fcr mich neu das Christopher Eccleston zum MCU geh\u00f6rt, dort hatte er eine Rolle als B\u00f6sewicht Malekith in Thor 2. Auf die Frage wie ihm das gefallen hat, sagte er es zuerst so das er es sehr\u2026","rel":"","context":"In &quot;Fed Con&quot;","block_context":{"text":"Fed Con","link":"https:\/\/www.movieartwork.org\/?cat=1"},"img":{"alt_text":"","src":"https:\/\/i0.wp.com\/www.movieartwork.org\/wp-content\/uploads\/2022\/09\/Christopher-Eccleston-4.jpg?fit=1200%2C800&ssl=1&resize=350%2C200","width":350,"height":200,"srcset":"https:\/\/i0.wp.com\/www.movieartwork.org\/wp-content\/uploads\/2022\/09\/Christopher-Eccleston-4.jpg?fit=1200%2C800&ssl=1&resize=350%2C200 1x, https:\/\/i0.wp.com\/www.movieartwork.org\/wp-content\/uploads\/2022\/09\/Christopher-Eccleston-4.jpg?fit=1200%2C800&ssl=1&resize=525%2C300 1.5x, https:\/\/i0.wp.com\/www.movieartwork.org\/wp-content\/uploads\/2022\/09\/Christopher-Eccleston-4.jpg?fit=1200%2C800&ssl=1&resize=700%2C400 2x, https:\/\/i0.wp.com\/www.movieartwork.org\/wp-content\/uploads\/2022\/09\/Christopher-Eccleston-4.jpg?fit=1200%2C800&ssl=1&resize=1050%2C600 3x"},"classes":[]},{"id":6406,"url":"https:\/\/www.movieartwork.org\/?p=6406","url_meta":{"origin":11023,"position":3},"title":"Poe\u2019s Boosted X-WING Fighter, Star Wars, Modellbausatz 1\/72 Bandai 2017","author":"Movie Fan","date":"September 20, 2019","format":false,"excerpt":"Erste Gedanken: Beim Blick auf das Modell denke ich sofort, hier muss ein Usedlook her. Da m\u00fcssen Brandspuren, Kratzer und Schmutz her. Es gibt ganz viele brauchbare Decals, welche aber nur von Profis angebracht werden sollten. Ausr\u00fcstung und Material: Material X-Wing Vallejo Model Air 71.057 BlackVallejo 73.201 Black Wash Life\u2026","rel":"","context":"In &quot;Modellbau&quot;","block_context":{"text":"Modellbau","link":"https:\/\/www.movieartwork.org\/?cat=8"},"img":{"alt_text":"","src":"https:\/\/i0.wp.com\/www.movieartwork.org\/wp-content\/uploads\/2019\/09\/Poes-X-Wing-2.jpg?fit=1200%2C900&ssl=1&resize=350%2C200","width":350,"height":200,"srcset":"https:\/\/i0.wp.com\/www.movieartwork.org\/wp-content\/uploads\/2019\/09\/Poes-X-Wing-2.jpg?fit=1200%2C900&ssl=1&resize=350%2C200 1x, https:\/\/i0.wp.com\/www.movieartwork.org\/wp-content\/uploads\/2019\/09\/Poes-X-Wing-2.jpg?fit=1200%2C900&ssl=1&resize=525%2C300 1.5x, https:\/\/i0.wp.com\/www.movieartwork.org\/wp-content\/uploads\/2019\/09\/Poes-X-Wing-2.jpg?fit=1200%2C900&ssl=1&resize=700%2C400 2x, https:\/\/i0.wp.com\/www.movieartwork.org\/wp-content\/uploads\/2019\/09\/Poes-X-Wing-2.jpg?fit=1200%2C900&ssl=1&resize=1050%2C600 3x"},"classes":[]},{"id":6664,"url":"https:\/\/www.movieartwork.org\/?p=6664","url_meta":{"origin":11023,"position":4},"title":"Panel Ethan Peck &#8211; Sein Werdegang und wie er zu Spock wurde","author":"Movie Fan","date":"Januar 21, 2020","format":false,"excerpt":"Vor 6 Wochen war er das erste Mal auf einer Convention und damit ist die Fed-Con seine vierte. Im Deutschen hat er meiner Meinung nach schon eine gute Synchronstimme, allerdings seine echte Stimme ist beeindruckend und tief. Nachdem ich in den Genuss gekommen bin dachte ich mir, die Serie gleich\u2026","rel":"","context":"In &quot;Fed Con&quot;","block_context":{"text":"Fed Con","link":"https:\/\/www.movieartwork.org\/?cat=1"},"img":{"alt_text":"","src":"https:\/\/i0.wp.com\/www.movieartwork.org\/wp-content\/uploads\/2020\/01\/Ethan-Peck-7-scaled.jpg?fit=1200%2C900&ssl=1&resize=350%2C200","width":350,"height":200,"srcset":"https:\/\/i0.wp.com\/www.movieartwork.org\/wp-content\/uploads\/2020\/01\/Ethan-Peck-7-scaled.jpg?fit=1200%2C900&ssl=1&resize=350%2C200 1x, https:\/\/i0.wp.com\/www.movieartwork.org\/wp-content\/uploads\/2020\/01\/Ethan-Peck-7-scaled.jpg?fit=1200%2C900&ssl=1&resize=525%2C300 1.5x, https:\/\/i0.wp.com\/www.movieartwork.org\/wp-content\/uploads\/2020\/01\/Ethan-Peck-7-scaled.jpg?fit=1200%2C900&ssl=1&resize=700%2C400 2x, https:\/\/i0.wp.com\/www.movieartwork.org\/wp-content\/uploads\/2020\/01\/Ethan-Peck-7-scaled.jpg?fit=1200%2C900&ssl=1&resize=1050%2C600 3x"},"classes":[]},{"id":1453,"url":"https:\/\/www.movieartwork.org\/?p=1453","url_meta":{"origin":11023,"position":5},"title":"FED CON 2015 \u2013 Tag 3 \u2013 Costum Contest","author":"Movie Fan","date":"Juni 3, 2015","format":false,"excerpt":"Es waren viele sch\u00f6ne Kost\u00fcme, welche die ich erw\u00e4hnen m\u00f6chte sind die von General Kota aus Star Wars - The Force Unleashed. Nicht nur das Kost\u00fcm Perfekt war, auch der Tr\u00e4ger sah aus wie das Original. Das Kost\u00fcm der Dale Arden aus Flash Gordon und das Kost\u00fcm zur Hochzeitszeremonie der\u2026","rel":"","context":"In &quot;Fed Con&quot;","block_context":{"text":"Fed Con","link":"https:\/\/www.movieartwork.org\/?cat=1"},"img":{"alt_text":"","src":"https:\/\/i0.wp.com\/www.movieartwork.org\/wp-content\/uploads\/2016\/01\/fedcon.jpg?fit=630%2C256&ssl=1&resize=350%2C200","width":350,"height":200,"srcset":"https:\/\/i0.wp.com\/www.movieartwork.org\/wp-content\/uploads\/2016\/01\/fedcon.jpg?fit=630%2C256&ssl=1&resize=350%2C200 1x, https:\/\/i0.wp.com\/www.movieartwork.org\/wp-content\/uploads\/2016\/01\/fedcon.jpg?fit=630%2C256&ssl=1&resize=525%2C300 1.5x"},"classes":[]}],"jetpack_likes_enabled":true,"_links":{"self":[{"href":"https:\/\/www.movieartwork.org\/index.php?rest_route=\/wp\/v2\/posts\/11023","targetHints":{"allow":["GET"]}}],"collection":[{"href":"https:\/\/www.movieartwork.org\/index.php?rest_route=\/wp\/v2\/posts"}],"about":[{"href":"https:\/\/www.movieartwork.org\/index.php?rest_route=\/wp\/v2\/types\/post"}],"author":[{"embeddable":true,"href":"https:\/\/www.movieartwork.org\/index.php?rest_route=\/wp\/v2\/users\/2"}],"replies":[{"embeddable":true,"href":"https:\/\/www.movieartwork.org\/index.php?rest_route=%2Fwp%2Fv2%2Fcomments&post=11023"}],"version-history":[{"count":1,"href":"https:\/\/www.movieartwork.org\/index.php?rest_route=\/wp\/v2\/posts\/11023\/revisions"}],"predecessor-version":[{"id":11024,"href":"https:\/\/www.movieartwork.org\/index.php?rest_route=\/wp\/v2\/posts\/11023\/revisions\/11024"}],"wp:featuredmedia":[{"embeddable":true,"href":"https:\/\/www.movieartwork.org\/index.php?rest_route=\/wp\/v2\/media\/11082"}],"wp:attachment":[{"href":"https:\/\/www.movieartwork.org\/index.php?rest_route=%2Fwp%2Fv2%2Fmedia&parent=11023"}],"wp:term":[{"taxonomy":"category","embeddable":true,"href":"https:\/\/www.movieartwork.org\/index.php?rest_route=%2Fwp%2Fv2%2Fcategories&post=11023"},{"taxonomy":"post_tag","embeddable":true,"href":"https:\/\/www.movieartwork.org\/index.php?rest_route=%2Fwp%2Fv2%2Ftags&post=11023"}],"curies":[{"name":"wp","href":"https:\/\/api.w.org\/{rel}","templated":true}]}}